{"id":1058,"date":"2022-03-13T21:19:17","date_gmt":"2022-03-13T21:19:17","guid":{"rendered":"https:\/\/aegerifarbig.ch\/?p=1058"},"modified":"2022-03-14T21:39:18","modified_gmt":"2022-03-14T21:39:18","slug":"mutter-tochter","status":"publish","type":"post","link":"https:\/\/aegerifarbig.ch\/en\/mutter-tochter\/","title":{"rendered":"Mutter &#038; Tochter"},"content":{"rendered":"\n[et_pb_section fb_built=&#8221;1&#8243; _builder_version=&#8221;4.14.9&#8243; _module_preset=&#8221;default&#8221; saved_tabs=&#8221;all&#8221; global_colors_info=&#8221;{}&#8221;][et_pb_row column_structure=&#8221;1_2,1_2&#8243; _builder_version=&#8221;4.14.9&#8243; _module_preset=&#8221;default&#8221; global_colors_info=&#8221;{}&#8221;][et_pb_column type=&#8221;1_2&#8243; _builder_version=&#8221;4.14.9&#8243; _module_preset=&#8221;default&#8221; global_colors_info=&#8221;{}&#8221;][et_pb_image src=&#8221;https:\/\/aegerifarbig.ch\/wp-content\/uploads\/2022\/03\/IMG_1886-1.jpg&#8221; _builder_version=&#8221;4.14.9&#8243; _module_preset=&#8221;default&#8221; title_text=&#8221;IMG_1886 (1)&#8221; hover_enabled=&#8221;0&#8243; sticky_enabled=&#8221;0&#8243;][\/et_pb_image][\/et_pb_column][et_pb_column type=&#8221;1_2&#8243; _builder_version=&#8221;4.14.9&#8243; _module_preset=&#8221;default&#8221; global_colors_info=&#8221;{}&#8221;][et_pb_text _builder_version=&#8221;4.14.9&#8243; _module_preset=&#8221;default&#8221; global_colors_info=&#8221;{}&#8221;]<p>English below<\/p>\n<p><span style=\"font-weight: 400;\">Margrit und Priska, Mutter und Tochter, haben in der Zeitung von Aegeri Farbig geh\u00f6rt und waren neugierig, was hinter diesem Projekt steckt. Margrit ist von Kindesbeinen an sehr kreativ und hat das H\u00e4keln und Stricken gemeinsam mit der Tochter wieder entdeckt. Priska wagt sich nun an die Mandalas ran, sie m\u00f6chte Neues ausprobieren. Sie lieben die Treffen in der Kostbar und sind immer wieder begeistert von den vielen Ideen der anderen Teilnehmer. Sie haben viele Pompons und Quadrate hergestellt.<\/span><\/p>\n<p>&nbsp;<\/p>[\/et_pb_text][et_pb_divider _builder_version=&#8221;4.14.9&#8243; _module_preset=&#8221;default&#8221; global_colors_info=&#8221;{}&#8221;][\/et_pb_divider][et_pb_text _builder_version=&#8221;4.14.9&#8243; _module_preset=&#8221;default&#8221; global_colors_info=&#8221;{}&#8221;]<p><span style=\"font-weight: 400;\">Margrit and Priska, mother and daughter, heard about Aegeri Farbig in the newspaper and were curious to know what was behind this project. Margrit has been very creative since childhood and has rediscovered crocheting and knitting together with her daughter. Priska is now venturing into mandalas, she wants to try new things. They love the meetups at Kostbar and are always thrilled by the many ideas from the other participants. They have made many pompoms and squares.<\/span><\/p>[\/et_pb_text][\/et_pb_column][\/et_pb_row][\/et_pb_section]\n","protected":false},"excerpt":{"rendered":"<p>English below Margrit und Priska, Mutter und Tochter, haben in der Zeitung von Aegeri Farbig geh\u00f6rt und waren neugierig, was hinter diesem Projekt steckt. Margrit ist von Kindesbeinen an sehr kreativ und hat das H\u00e4keln und Stricken gemeinsam mit der Tochter wieder entdeckt. Priska wagt sich nun an die Mandalas ran, sie m\u00f6chte Neues ausprobieren. [&hellip;]<\/p>\n","protected":false},"author":5,"featured_media":1098,"comment_status":"open","ping_status":"open","sticky":false,"template":"","format":"standard","meta":{"_et_pb_use_builder":"on","_et_pb_old_content":"","_et_gb_content_width":"","footnotes":""},"categories":[22],"tags":[],"class_list":["post-1058","post","type-post","status-publish","format-standard","has-post-thumbnail","hentry","category-geschichten"],"_links":{"self":[{"href":"https:\/\/aegerifarbig.ch\/en\/wp-json\/wp\/v2\/posts\/1058","targetHints":{"allow":["GET"]}}],"collection":[{"href":"https:\/\/aegerifarbig.ch\/en\/wp-json\/wp\/v2\/posts"}],"about":[{"href":"https:\/\/aegerifarbig.ch\/en\/wp-json\/wp\/v2\/types\/post"}],"author":[{"embeddable":true,"href":"https:\/\/aegerifarbig.ch\/en\/wp-json\/wp\/v2\/users\/5"}],"replies":[{"embeddable":true,"href":"https:\/\/aegerifarbig.ch\/en\/wp-json\/wp\/v2\/comments?post=1058"}],"version-history":[{"count":4,"href":"https:\/\/aegerifarbig.ch\/en\/wp-json\/wp\/v2\/posts\/1058\/revisions"}],"predecessor-version":[{"id":1168,"href":"https:\/\/aegerifarbig.ch\/en\/wp-json\/wp\/v2\/posts\/1058\/revisions\/1168"}],"wp:featuredmedia":[{"embeddable":true,"href":"https:\/\/aegerifarbig.ch\/en\/wp-json\/wp\/v2\/media\/1098"}],"wp:attachment":[{"href":"https:\/\/aegerifarbig.ch\/en\/wp-json\/wp\/v2\/media?parent=1058"}],"wp:term":[{"taxonomy":"category","embeddable":true,"href":"https:\/\/aegerifarbig.ch\/en\/wp-json\/wp\/v2\/categories?post=1058"},{"taxonomy":"post_tag","embeddable":true,"href":"https:\/\/aegerifarbig.ch\/en\/wp-json\/wp\/v2\/tags?post=1058"}],"curies":[{"name":"wp","href":"https:\/\/api.w.org\/{rel}","templated":true}]}}